{"id":1630,"date":"2026-03-13T13:52:39","date_gmt":"2026-03-13T12:52:39","guid":{"rendered":"https:\/\/www.bioparkslovakia.sk\/?p=1630"},"modified":"2026-03-13T14:06:56","modified_gmt":"2026-03-13T13:06:56","slug":"pracovna-skupina-nap","status":"publish","type":"post","link":"https:\/\/www.bioparkslovakia.sk\/index.php\/2026\/03\/13\/pracovna-skupina-nap\/","title":{"rendered":"Pracovn\u00e1 skupina od\u0161tartovala pr\u00edpravu NAP Biomet\u00e1n"},"content":{"rendered":"\t\t<div data-elementor-type=\"wp-post\" data-elementor-id=\"1630\" class=\"elementor elementor-1630\">\n\t\t\t\t\t\t<section class=\"elementor-section elementor-top-section elementor-element elementor-element-4db790b elementor-section-boxed elementor-section-height-default elementor-section-height-default\" data-id=\"4db790b\" data-element_type=\"section\" data-e-type=\"section\">\n\t\t\t\t\t\t<div class=\"elementor-container elementor-column-gap-default\">\n\t\t\t\t\t<div class=\"elementor-column elementor-col-100 elementor-top-column elementor-element elementor-element-991736b\" data-id=\"991736b\" data-element_type=\"column\" data-e-type=\"column\">\n\t\t\t<div class=\"elementor-widget-wrap elementor-element-populated\">\n\t\t\t\t\t\t<div class=\"elementor-element elementor-element-8b3b78b elementor-widget elementor-widget-text-editor\" data-id=\"8b3b78b\" data-element_type=\"widget\" data-e-type=\"widget\" data-widget_type=\"text-editor.default\">\n\t\t\t\t<div class=\"elementor-widget-container\">\n\t\t\t\t\t\t\t\t\t<p>D\u0148a <strong>10. marca 2026<\/strong> sa v zasada\u010dke Slovenskej obchodnej a priemyselnej komory v Bratislave uskuto\u010dnilo zasadnutie Pracovnej skupiny pre tvorbu N\u00e1rodn\u00e9ho ak\u010dn\u00e9ho pl\u00e1nu na podporu v\u00fdroby biomet\u00e1nu do roku 2030. Stretnutie viedol <strong>predseda Ing. Vladim\u00edr Mu\u017eila<\/strong> a organiza\u010dne ho zastre\u0161ovala <strong>tajomn\u00ed\u010dka Ing. Marcela Slaniniakov\u00e1, MBA, MSc.<\/strong> Diskusia potvrdila v\u00fdznam tejto platformy pre koordinovan\u00fd a odborn\u00fd postup pri nastavovan\u00ed podmienok rozvoja biomet\u00e1nov\u00e9ho sektora na Slovensku.\u00a0<\/p><div><p>Jedn\u00fdm z prv\u00fdch rozhodnut\u00ed pracovnej skupiny bolo schv\u00e1lenie troch nov\u00fdch \u010dlenov: Mgr. Martina Ke\u010dke\u0161a zo SPP, Ing. Juraja Nov\u00e1ka z Ministerstva hospod\u00e1rstva SR a Mgr. Juraja Karpi\u0161a z Futuregion In\u0161tit\u00fatu. Ich vstup do pracovnej skupiny posilnil prepojenie na energetick\u00fd sektor, verejn\u00fa politiku aj ekonomick\u00fa expert\u00edzu.\u00a0<\/p><p>V r\u00e1mci programu prebehla aj vo\u013eba predsedu. <strong>Ing. Vladim\u00edr Mu\u017eila<\/strong> bol jednohlasne zvolen\u00fd do funkcie a \u010dlenovia vyjadrili siln\u00fa podporu jeho doteraj\u0161ej pr\u00e1ci pri budovan\u00ed platformy a zastre\u0161en\u00ed odborn\u00e9ho procesu. Vo\u013eba podpredsedu bola presunut\u00e1 na \u010fal\u0161ie zasadnutie, pri\u010dom nomin\u00e1cie m\u00f4\u017eu \u010dlenovia posiela\u0165 do konca marca. S\u00fa\u010dasne bol jednohlasne schv\u00e1len\u00fd <strong>\u0160tat\u00fat pracovnej skupiny<\/strong>, ktor\u00fd definuje jej poslanie, p\u00f4sobnos\u0165, sp\u00f4sob rozhodovania aj pravidl\u00e1 transparentnosti. Dokument z\u00e1rove\u0148 ustanovuje tajomn\u00ed\u010dku pracovnej skupiny a r\u00e1muje syst\u00e9m komunik\u00e1cie, vr\u00e1tane zverej\u0148ovania dokumentov a postupu pri zakladan\u00ed tematick\u00fdch podskup\u00edn.<\/p><p>Jedn\u00fdm z najd\u00f4le\u017eitej\u0161\u00edch bodov rokovania bolo predstavenie prvej verzie n\u00e1vrhu <strong>N\u00e1rodn\u00e9ho ak\u010dn\u00e9ho pl\u00e1nu pre biomet\u00e1n<\/strong>. Ide o dokument, ktor\u00fd vych\u00e1dza z portugalsk\u00e9ho modelu a m\u00e1 sl\u00fa\u017ei\u0165 ako komplexn\u00fd pl\u00e1n rozvoja obnovite\u013en\u00e9ho plynu na Slovensku. Diskusia uk\u00e1zala potrebu dopracova\u0165 mapov\u00e9 podklady, zos\u00faladi\u0165 d\u00e1ta o surovinovom potenci\u00e1li biomasy a jasne definova\u0165 implementa\u010dn\u00fd harmonogram a zodpovednosti. \u010clenovia sa dohodli, \u017ee pripomienky k dokumentu za\u0161l\u00fa do <strong>31. marca 2026<\/strong>, po ich zapracovan\u00ed vznikne nult\u00e1 verzia N\u00e1rodn\u00e9ho ak\u010dn\u00e9ho pl\u00e1nu, ktor\u00e1 bude predmetom \u010fal\u0161ieho zasadnutia.<\/p><\/div>\t\t\t\t\t\t\t\t<\/div>\n\t\t\t\t<\/div>\n\t\t\t\t<section class=\"elementor-section elementor-inner-section elementor-element elementor-element-e6bef28 elementor-section-boxed elementor-section-height-default elementor-section-height-default elementor-invisible\" data-id=\"e6bef28\" data-element_type=\"section\" data-e-type=\"section\" data-settings=\"{&quot;animation&quot;:&quot;zoomIn&quot;}\">\n\t\t\t\t\t\t<div class=\"elementor-container elementor-column-gap-default\">\n\t\t\t\t\t<div class=\"elementor-column elementor-col-50 elementor-inner-column elementor-element elementor-element-1af305c\" data-id=\"1af305c\" data-element_type=\"column\" data-e-type=\"column\">\n\t\t\t<div class=\"elementor-widget-wrap elementor-element-populated\">\n\t\t\t\t\t\t<div class=\"elementor-element elementor-element-cf3c1f9 elementor-widget elementor-widget-image\" data-id=\"cf3c1f9\" data-element_type=\"widget\" data-e-type=\"widget\" data-widget_type=\"image.default\">\n\t\t\t\t<div class=\"elementor-widget-container\">\n\t\t\t\t\t\t\t\t\t\t\t\t\t\t\t<img fetchpriority=\"high\" decoding=\"async\" width=\"1024\" height=\"661\" src=\"https:\/\/www.bioparkslovakia.sk\/wp-content\/uploads\/2026\/03\/WhatsApp-Image-2026-03-10-at-15.39.18-2-1024x661.jpeg\" class=\"attachment-large size-large wp-image-1631\" alt=\"\" srcset=\"https:\/\/www.bioparkslovakia.sk\/wp-content\/uploads\/2026\/03\/WhatsApp-Image-2026-03-10-at-15.39.18-2-1024x661.jpeg 1024w, https:\/\/www.bioparkslovakia.sk\/wp-content\/uploads\/2026\/03\/WhatsApp-Image-2026-03-10-at-15.39.18-2-300x194.jpeg 300w, https:\/\/www.bioparkslovakia.sk\/wp-content\/uploads\/2026\/03\/WhatsApp-Image-2026-03-10-at-15.39.18-2-768x496.jpeg 768w, https:\/\/www.bioparkslovakia.sk\/wp-content\/uploads\/2026\/03\/WhatsApp-Image-2026-03-10-at-15.39.18-2-1536x992.jpeg 1536w, https:\/\/www.bioparkslovakia.sk\/wp-content\/uploads\/2026\/03\/WhatsApp-Image-2026-03-10-at-15.39.18-2.jpeg 1600w\" sizes=\"(max-width: 1024px) 100vw, 1024px\" \/>\t\t\t\t\t\t\t\t\t\t\t\t\t\t\t<\/div>\n\t\t\t\t<\/div>\n\t\t\t\t\t<\/div>\n\t\t<\/div>\n\t\t\t\t<div class=\"elementor-column elementor-col-50 elementor-inner-column elementor-element elementor-element-723afa5\" data-id=\"723afa5\" data-element_type=\"column\" data-e-type=\"column\">\n\t\t\t<div class=\"elementor-widget-wrap elementor-element-populated\">\n\t\t\t\t\t\t<div class=\"elementor-element elementor-element-ff14b74 elementor-widget elementor-widget-image\" data-id=\"ff14b74\" data-element_type=\"widget\" data-e-type=\"widget\" data-widget_type=\"image.default\">\n\t\t\t\t<div class=\"elementor-widget-container\">\n\t\t\t\t\t\t\t\t\t\t\t\t\t\t\t<img decoding=\"async\" width=\"1024\" height=\"661\" src=\"https:\/\/www.bioparkslovakia.sk\/wp-content\/uploads\/2026\/03\/WhatsApp-Image-2026-03-10-at-15.39.18-1-2-1024x661.jpeg\" class=\"attachment-large size-large wp-image-1634\" alt=\"\" srcset=\"https:\/\/www.bioparkslovakia.sk\/wp-content\/uploads\/2026\/03\/WhatsApp-Image-2026-03-10-at-15.39.18-1-2-1024x661.jpeg 1024w, https:\/\/www.bioparkslovakia.sk\/wp-content\/uploads\/2026\/03\/WhatsApp-Image-2026-03-10-at-15.39.18-1-2-300x194.jpeg 300w, https:\/\/www.bioparkslovakia.sk\/wp-content\/uploads\/2026\/03\/WhatsApp-Image-2026-03-10-at-15.39.18-1-2-768x496.jpeg 768w, https:\/\/www.bioparkslovakia.sk\/wp-content\/uploads\/2026\/03\/WhatsApp-Image-2026-03-10-at-15.39.18-1-2.jpeg 1148w\" sizes=\"(max-width: 1024px) 100vw, 1024px\" \/>\t\t\t\t\t\t\t\t\t\t\t\t\t\t\t<\/div>\n\t\t\t\t<\/div>\n\t\t\t\t\t<\/div>\n\t\t<\/div>\n\t\t\t\t\t<\/div>\n\t\t<\/section>\n\t\t\t\t\t<\/div>\n\t\t<\/div>\n\t\t\t\t\t<\/div>\n\t\t<\/section>\n\t\t\t\t<section class=\"elementor-section elementor-top-section elementor-element elementor-element-c0978b8 elementor-section-boxed elementor-section-height-default elementor-section-height-default\" data-id=\"c0978b8\" data-element_type=\"section\" data-e-type=\"section\">\n\t\t\t\t\t\t<div class=\"elementor-container elementor-column-gap-default\">\n\t\t\t\t\t<div class=\"elementor-column elementor-col-100 elementor-top-column elementor-element elementor-element-076b969\" data-id=\"076b969\" data-element_type=\"column\" data-e-type=\"column\">\n\t\t\t<div class=\"elementor-widget-wrap elementor-element-populated\">\n\t\t\t\t\t\t<div class=\"elementor-element elementor-element-e7bde6d elementor-widget elementor-widget-text-editor\" data-id=\"e7bde6d\" data-element_type=\"widget\" data-e-type=\"widget\" data-widget_type=\"text-editor.default\">\n\t\t\t\t<div class=\"elementor-widget-container\">\n\t\t\t\t\t\t\t\t\t<p><span style=\"font-family: inherit;\">Pracovn\u00e1 skupina venovala \u010das\u0165 rokovania aj t\u00e9me financie. Monitorovac\u00ed v\u00fdbor Programu Slovensko medzi\u010dasom zn\u00ed\u017eil alok\u00e1ciu na podporu bioplynov\u00fdch a biomet\u00e1nov\u00fdch stan\u00edc zo 67 mili\u00f3nov eur na 15 mili\u00f3nov eur, pri\u010dom vyhl\u00e1senie v\u00fdzvy sa presunulo na \u0161tvrt\u00fd \u0161tvr\u0165rok 2026. Pracovn\u00e1 skupina jednozna\u010dne kon\u0161tatovala, \u017ee t\u00fato zmenu je potrebn\u00e9 zachyti\u0165 v NAP a vyhodnoti\u0165 jej dopad na dosahovanie cie\u013eov sektora.\u00a0<\/span><\/p><div><p>V \u010fal\u0161ej \u010dasti programu sa rie\u0161ila organiz\u00e1cia odborn\u00fdch podskup\u00edn. Vznikla <strong>podskupina pre soci\u00e1lnu ekonomiku pod veden\u00edm Ing. Daniela Kojnoka<\/strong>, ktor\u00e1 sa bude venova\u0165 prepojeniu spracovania biomasy a zamestn\u00e1vania zranite\u013en\u00fdch skup\u00edn. Diskutovalo sa aj o mo\u017enosti vytvorenia podskupiny pre oblas\u0165 z\u00e1ruk p\u00f4vodu a zelen\u00fdch bonusov, najm\u00e4 vzh\u013eadom na po\u017eiadavky smernice RED III a praktick\u00e9 ot\u00e1zky zapo\u010d\u00edtavania biomet\u00e1nu v energetickom syst\u00e9me. Skupina z\u00e1rove\u0148 deklarovala z\u00e1ujem \u00fazko spolupracova\u0165 so Slovenskou bioplynovou asoci\u00e1ciou, ktor\u00e1 m\u00e1 v tejto oblasti bohat\u00e9 sk\u00fasenosti z praxe.\u00a0<\/p><p>Pracovn\u00e1 skupina sa bude tie\u017e akt\u00edvne podie\u013ea\u0165 na pr\u00edprave tohtoro\u010dnej konferencie V4 o biohospod\u00e1rstve, ktor\u00e1 sa uskuto\u010dn\u00ed v okt\u00f3bri alebo novembri 2026 pod z\u00e1\u0161titou Ministerstva zahrani\u010dn\u00fdch vec\u00ed SR. Cie\u013eom konferencie je predstavi\u0165 konkr\u00e9tne v\u00fdsledky pracovnej skupiny a nadviaza\u0165 spolupr\u00e1cu s odborn\u00edkmi a in\u0161tit\u00faciami v krajin\u00e1ch Vy\u0161ehradskej \u0161tvorky. Moment\u00e1lne sa rokuje o lokalite \u2013 medzi mo\u017enos\u0165ami s\u00fa Hali\u010d, Bratislava a Bansk\u00e1 Bystrica.\u00a0<\/p><p>Z\u00e1ver stretnutia patril rekapitul\u00e1cii \u00faloh. \u010clenovia skupiny maj\u00fa do konca marca predlo\u017ei\u0165 pripomienky k n\u00e1vrhu NAP a nomin\u00e1cie na poz\u00edciu podpredsedu, ale aj nov\u00fdch \u010dlenov pracovnej skupiny.\u00a0<\/p><p>Pracovn\u00e1 skupina t\u00fdmto zasadnut\u00edm ofici\u00e1lne od\u0161tartovala intenz\u00edvny proces, ktor\u00e9ho v\u00fdsledkom m\u00e1 by\u0165\u00a0 vysoko odborn\u00fd a legislat\u00edvne vyu\u017eite\u013en\u00fd N\u00e1rodn\u00fd ak\u010dn\u00fd pl\u00e1n pre biomet\u00e1n. Cie\u013eom je, aby Slovensko z\u00edskalo modern\u00fd strategick\u00fd dokument, ktor\u00fd podpor\u00ed rozvoj obnovite\u013en\u00fdch zdrojov energie, region\u00e1lny rozvoj aj cirkul\u00e1rnu ekonomiku \u2014 a ktor\u00fd bude predstavite\u013en\u00fd nielen rezortom, ale aj na medzin\u00e1rodnej \u00farovni vr\u00e1tane kraj\u00edn V4.<\/p><\/div>\t\t\t\t\t\t\t\t<\/div>\n\t\t\t\t<\/div>\n\t\t\t\t\t<\/div>\n\t\t<\/div>\n\t\t\t\t\t<\/div>\n\t\t<\/section>\n\t\t\t\t<\/div>\n\t\t","protected":false},"excerpt":{"rendered":"<p>D\u0148a 10. marca 2026 sa v zasada\u010dke Slovenskej obchodnej a priemyselnej komory v Bratislave uskuto\u010dnilo zasadnutie Pracovnej skupiny pre tvorbu N\u00e1rodn\u00e9ho ak\u010dn\u00e9ho pl\u00e1nu na podporu v\u00fdroby biomet\u00e1nu do roku 2030. Stretnutie viedol predseda Ing. Vladim\u00edr Mu\u017eila a organiza\u010dne ho zastre\u0161ovala tajomn\u00ed\u010dka Ing. Marcela Slaniniakov\u00e1, MBA, MSc. Diskusia potvrdila v\u00fdznam tejto platformy pre koordinovan\u00fd a odborn\u00fd [&hellip;]<\/p>\n","protected":false},"author":4,"featured_media":0,"comment_status":"open","ping_status":"open","sticky":false,"template":"","format":"standard","meta":{"footnotes":""},"categories":[1],"tags":[],"class_list":["post-1630","post","type-post","status-publish","format-standard","hentry","category-nezaradene"],"_links":{"self":[{"href":"https:\/\/www.bioparkslovakia.sk\/index.php\/wp-json\/wp\/v2\/posts\/1630","targetHints":{"allow":["GET"]}}],"collection":[{"href":"https:\/\/www.bioparkslovakia.sk\/index.php\/wp-json\/wp\/v2\/posts"}],"about":[{"href":"https:\/\/www.bioparkslovakia.sk\/index.php\/wp-json\/wp\/v2\/types\/post"}],"author":[{"embeddable":true,"href":"https:\/\/www.bioparkslovakia.sk\/index.php\/wp-json\/wp\/v2\/users\/4"}],"replies":[{"embeddable":true,"href":"https:\/\/www.bioparkslovakia.sk\/index.php\/wp-json\/wp\/v2\/comments?post=1630"}],"version-history":[{"count":12,"href":"https:\/\/www.bioparkslovakia.sk\/index.php\/wp-json\/wp\/v2\/posts\/1630\/revisions"}],"predecessor-version":[{"id":1650,"href":"https:\/\/www.bioparkslovakia.sk\/index.php\/wp-json\/wp\/v2\/posts\/1630\/revisions\/1650"}],"wp:attachment":[{"href":"https:\/\/www.bioparkslovakia.sk\/index.php\/wp-json\/wp\/v2\/media?parent=1630"}],"wp:term":[{"taxonomy":"category","embeddable":true,"href":"https:\/\/www.bioparkslovakia.sk\/index.php\/wp-json\/wp\/v2\/categories?post=1630"},{"taxonomy":"post_tag","embeddable":true,"href":"https:\/\/www.bioparkslovakia.sk\/index.php\/wp-json\/wp\/v2\/tags?post=1630"}],"curies":[{"name":"wp","href":"https:\/\/api.w.org\/{rel}","templated":true}]}}